{"id":1,"date":"2018-08-23T13:24:25","date_gmt":"2018-08-23T11:24:25","guid":{"rendered":"http:\/\/amimuse.org\/?p=1"},"modified":"2018-08-30T10:37:37","modified_gmt":"2018-08-30T08:37:37","slug":"bonjour-tout-le-monde","status":"publish","type":"post","link":"http:\/\/amimuse.org\/?p=1","title":{"rendered":"Samedi 15 septembre 2018, 20 h 30, \u00e9glise de Crozon"},"content":{"rendered":"<h2><strong><img loading=\"lazy\" class=\"alignleft size-full wp-image-79\" src=\"http:\/\/amimuse.org\/wp-content\/uploads\/2018\/08\/Ma-non-troppo-photo-ensemble-pt.jpg\" alt=\"\" width=\"800\" height=\"527\" srcset=\"http:\/\/amimuse.org\/wp-content\/uploads\/2018\/08\/Ma-non-troppo-photo-ensemble-pt.jpg 800w, http:\/\/amimuse.org\/wp-content\/uploads\/2018\/08\/Ma-non-troppo-photo-ensemble-pt-300x198.jpg 300w, http:\/\/amimuse.org\/wp-content\/uploads\/2018\/08\/Ma-non-troppo-photo-ensemble-pt-768x506.jpg 768w\" sizes=\"(max-width: 800px) 100vw, 800px\" \/><\/strong><\/h2>\n<h2><strong>Musique baroque : Drosles d\u2019oyseaulx<\/strong><br \/>\nUn concert propos\u00e9 par l\u2019Ensemble Ma non troppo<\/h2>\n<p>Quand la musique baroque imite le chant et le vol des oiseaux\u2026<br \/>\nA la fois familier et ind\u00e9chiffrable, le chant des oiseaux ne cesse d\u2019inspirer les compositeurs. Bien malin pourtant celui qui saurait noter avec pr\u00e9cision ces p\u00e9piements qui \u00e9gaient nos r\u00e9veils campagnards. Alors chacun s\u2019y essaie en se rattachant \u00e0 une tradition ou en se fiant \u00e0 son oreille et s\u2019efforce de reproduire les sons de ces cr\u00e9atures tant\u00f4t purement distrayantes tant\u00f4t myst\u00e9rieuses voire divines.<br \/>\nLes r\u00e9sultats sont vari\u00e9s et, tandis qu\u2019Antonio Vivaldi s\u2019amuse \u00e0 faire des p\u00e9piements du chardonneret le moteur rythmique de son concerto, le Rossignol de Couperin nous \u00e9merveille par la richesse color\u00e9e de ses m\u00e9lodies. William Williams, dans l\u2019Angleterre des lumi\u00e8res, imagine, lui, une r\u00e9publique des oiseaux o\u00f9 les diff\u00e9rentes esp\u00e8ces dialoguent harmonieusement. Cependant la poule de Michel Pignolet de Mont\u00e9clair picorant sous les murailles de Langres n\u2019aurait gu\u00e8re pu \u00e9changer avec sa cousine autrichienne n\u00e9e sous la plumes d\u2019Ignaz Biber tant leur langages paraissent diff\u00e9rents.<br \/>\nL\u2019envol des volatiles qui leur donne toute leur noblesse et leur nature incertaine, alimente \u00e9galement les compositions : image de l\u2019annonciation port\u00e9e par une blanche colombe, bruissement d\u2019ailes symbolis\u00e9 par des arp\u00e8ges harmonieux et vifs qu\u2019on retrouve tant chez Biber que Corelli.<br \/>\nLa fl\u00fbte traversi\u00e8re ancienne \u2013 ou traverso \u2013 est bien s\u00fbr l\u2019instrument de pr\u00e9dilection pour ce concert, entour\u00e9e de cordes frott\u00e9es ou pinc\u00e9es d\u2019une plume\u2026<\/p>\n<h4>Interpr\u00e8tes<\/h4>\n<p>Camille Ranci\u00e8re : violon<br \/>\nGuillaume Handel : traverso<br \/>\nSylvain Rullier : violoncelle<br \/>\nCl\u00e9mence Schweyer : clavecin<\/p>\n<h4>\u0152uvres du programme<\/h4>\n<p><em>Trio Sonata n 6 in imitation of birds<\/em>, William Williams<br \/>\n<em>Il Gardellino<\/em>, Antonio Vivaldi<br \/>\n<em>Rossignols<\/em>, extrait des \u00e9l\u00e9ments, de Jean-F\u00e9ry Rebel<br \/>\n<em>Le Rossignol en amour :<\/em> Fran\u00e7ois Couperin<br \/>\n<em>Sonata reppresentiva,<\/em> Ignaz Biber<br \/>\n<em>Trio Sonata en do majeur,<\/em> Johann Christoph Pepusch<br \/>\n<em>Opus V, sonate n\u00b03 en do majeur,<\/em> Arcangelo Corelli<br \/>\n<em>Trio sonate en r\u00e9 mineur,<\/em> CPE Bach<\/p>\n<p>L\u2019ensemble <em>Ma Non Troppo<\/em> est un collectif de musiciens travaillant sous leur propre direction qui interpr\u00e8te principalement les musiques europ\u00e9ennes des XVIIe et XVIIIe si\u00e8cles.. Riches de leur exp\u00e9rience au sein de nombreux ensembles sp\u00e9cialis\u00e9s, ils collaborent singuli\u00e8rement dans cet espace de cr\u00e9ation o\u00f9 les projets s\u2019ouvrent \u00e0 d\u2019autres univers artistiques : litt\u00e9rature, th\u00e9\u00e2tre, danse, artisanats d\u2019art\u2026 Anim\u00e9 par un vif d\u00e9sir de partager cette musique et de faire na\u00eetre des \u00e9changes dans des lieux vari\u00e9s, y compris ceux de la vie quotidienne, Ma non troppo a souvent l\u2019occasion de se produire dans des lieux insolites pour ce type de r\u00e9pertoire : caf\u00e9s, librairies, galeries d\u2019art, ateliers d\u2019artistes, \u00e9coles, h\u00f4pitaux, fermes, et m\u00eame des sites naturels.<\/p>\n<p>Tarifs\u2009: 8 \u202f\u20ac &#8211; 5 \u202f\u20ac &#8211; Gratuit moins 12 ans, coll\u00e9giens &amp; \u00c9cole de musique<br \/>\nContact\u2009: contact AROBASE amimuse.fr &#8211; 06 08 15 22 09<br \/>\nR\u00e9servation Librairie Le Parchemin une semaine avant le concert.<\/p>\n<p>&nbsp;<\/p>\n<p>Ensemble Ma non troppo :<\/p>\n<p>4, place du Marc&rsquo;hallach, 29600 Morlaix \u2013 06 62 08 98 98 contact@manontroppo.org<br \/>\n<a href=\"http:\/\/www.manontroppo.org\" target=\"_blank\" rel=\"noopener\">www.manontroppo.org<\/a><\/p>\n<p>Siret 80878489600017 \u2013 Licence 2-1085721<\/p>\n","protected":false},"excerpt":{"rendered":"<p>Musique baroque : Drosles d\u2019oyseaulx Un concert propos\u00e9 par l\u2019Ensemble Ma non troppo Quand la musique baroque imite le chant et le vol des oiseaux\u2026 A la fois familier et ind\u00e9chiffrable, le chant des oiseaux ne cesse d\u2019inspirer les compositeurs. Bien malin pourtant celui qui saurait noter avec pr\u00e9cision ces [&hellip;]<\/p>\n","protected":false},"author":1,"featured_media":0,"comment_status":"open","ping_status":"open","sticky":false,"template":"","format":"standard","meta":[],"categories":[1],"tags":[],"_links":{"self":[{"href":"http:\/\/amimuse.org\/index.php?rest_route=\/wp\/v2\/posts\/1"}],"collection":[{"href":"http:\/\/amimuse.org\/index.php?rest_route=\/wp\/v2\/posts"}],"about":[{"href":"http:\/\/amimuse.org\/index.php?rest_route=\/wp\/v2\/types\/post"}],"author":[{"embeddable":true,"href":"http:\/\/amimuse.org\/index.php?rest_route=\/wp\/v2\/users\/1"}],"replies":[{"embeddable":true,"href":"http:\/\/amimuse.org\/index.php?rest_route=%2Fwp%2Fv2%2Fcomments&post=1"}],"version-history":[{"count":10,"href":"http:\/\/amimuse.org\/index.php?rest_route=\/wp\/v2\/posts\/1\/revisions"}],"predecessor-version":[{"id":194,"href":"http:\/\/amimuse.org\/index.php?rest_route=\/wp\/v2\/posts\/1\/revisions\/194"}],"wp:attachment":[{"href":"http:\/\/amimuse.org\/index.php?rest_route=%2Fwp%2Fv2%2Fmedia&parent=1"}],"wp:term":[{"taxonomy":"category","embeddable":true,"href":"http:\/\/amimuse.org\/index.php?rest_route=%2Fwp%2Fv2%2Fcategories&post=1"},{"taxonomy":"post_tag","embeddable":true,"href":"http:\/\/amimuse.org\/index.php?rest_route=%2Fwp%2Fv2%2Ftags&post=1"}],"curies":[{"name":"wp","href":"https:\/\/api.w.org\/{rel}","templated":true}]}}